{"id":14651,"date":"2019-01-28T13:34:03","date_gmt":"2019-01-28T11:34:03","guid":{"rendered":"https:\/\/nextarquitectura.com\/por-que-mi-vivienda-ha-obtenido-la-calificacion-g-en-el-certificado-de-eficiencia-energetica\/"},"modified":"2019-01-28T13:34:03","modified_gmt":"2019-01-28T11:34:03","slug":"por-que-mi-vivienda-ha-obtenido-la-calificacion-g-en-el-certificado-de-eficiencia-energetica","status":"publish","type":"post","link":"https:\/\/nextarquitectura.com\/en\/por-que-mi-vivienda-ha-obtenido-la-calificacion-g-en-el-certificado-de-eficiencia-energetica\/","title":{"rendered":"POR QU\u00c9 MI VIVIENDA HA OBTENIDO LA CALIFICACI\u00d3N G EN EL CERTIFICADO DE EFICIENCIA ENERG\u00c9TICA"},"content":{"rendered":"\t\t<div data-elementor-type=\"wp-post\" data-elementor-id=\"14651\" class=\"elementor elementor-14651 elementor-7954\" data-elementor-post-type=\"post\">\n\t\t\t\t\t\t<section class=\"elementor-section elementor-top-section elementor-element elementor-element-3dd11b51 elementor-section-boxed elementor-section-height-default elementor-section-height-default\" data-id=\"3dd11b51\" data-element_type=\"section\" data-e-type=\"section\">\n\t\t\t\t\t\t<div class=\"elementor-container elementor-column-gap-default\">\n\t\t\t\t\t<div class=\"elementor-column elementor-col-100 elementor-top-column elementor-element elementor-element-a63bb93\" data-id=\"a63bb93\" data-element_type=\"column\" data-e-type=\"column\">\n\t\t\t<div class=\"elementor-widget-wrap elementor-element-populated\">\n\t\t\t\t\t\t<div class=\"elementor-element elementor-element-69aeb050 elementor-widget elementor-widget-text-editor\" data-id=\"69aeb050\" data-element_type=\"widget\" data-e-type=\"widget\" data-widget_type=\"text-editor.default\">\n\t\t\t\t<div class=\"elementor-widget-container\">\n\t\t\t\t\t\t\t\t\t\r\n<p>Desde su aprobaci\u00f3n del Certificado de Eficiencia Energ\u00e9tica como certificado de medida del consumo energ\u00e9tico, son muchas las preguntas que surgen a su alrededor. Por nuestra parte, intentaremos a grandes rasgos y sin detallar excesivamente sus par\u00e1metros t\u00e9cnicos, dar a entender, el motivo o los motivos que nos han llevado a obtener una letra, u otra.<\/p>\r\n<p>&nbsp;<\/p>\r\n<h2>CERTIFICADO DE EFICIENCIA ENERG\u00c9TICA<\/h2>\r\n<p>&nbsp;<\/p>\r\n<p>Con el protocolo de Kioto en el horizonte (finales de 2020), la mayor\u00eda de pa\u00edses deben de establecer criterios de evaluaci\u00f3n de su consumo energ\u00e9tico, y en el nuestro, la normativa adopta los criterios que marca la Uni\u00f3n Europea.<\/p>\r\n<p>Cada vez son m\u00e1s las casas, de nueva construcci\u00f3n, que deben de incorporar nuevos aparatos para ahorrar su despendio energ\u00e9tico diario. En parte, los ejemplos los tenemos de forma muy significativa en los electrodom\u00e9sticos, su calificativo A++, o A+++, marcar\u00e1n su precio pero a su vez, el vendedor, nos aconsejar\u00e1 una u otra, con el fin de ahorrar a largo plazo. Los resultados, no son nunca a corto plazo.<\/p>\r\n<p>Arquitect\u00f3nicamente hablando, cuando recibimos la visita de un t\u00e9cnico en nuestro domicilio para la <a href=\"https:\/\/nextarquitectura.com\/servicios-arquitectura\/certificaciones-energeticas\/\">realizaci\u00f3n de la Certificaci\u00f3n de Eficiencia Energ\u00e9tic<\/a>a, \u00e9ste, toma datos de nuestra finca, de manera detallada, quiz\u00e1s de elementos que hasta ahora cre\u00edamos que no influenciaban en nada para obtener una mejor nota.<\/p>\r\n<p>Una de las principales caracter\u00edsticas que se tendr\u00e1 en cuenta es la orientaci\u00f3n de nuestra vivienda, el n\u00famero de ventanas y puertas que posee y sobretodo, el tipo de marcos y cristales que nos protegen del frio exterior. Por razones constructivas y evolutivas, todas esas fincas que dispongan de carpinter\u00edas de aluminio y de cristales dobles, tendr\u00e1n un calificativo mayor, que las que de lo contrario posean marcos de madera antigua y un cristal fino. \u00c9stas \u00faltimas ventanas y o puertas antiguas, no pueden evitar la entrada de aire, lo que en parte provocar\u00e1 un mayor consumo de calefacci\u00f3n para poder obtener la temperatura deseada en el interior de la finca, a su vez, suceder\u00e1 lo mismo en las \u00e9pocas de verano, con las altas temperaturas y el poco aislamiento que aportan.<\/p>\r\n<p>Adentr\u00e1ndonos en el contexto ecol\u00f3gico, por razones obvias, todas aquellas fincas que dispongan de placas solares, poseer\u00e1n una mayor nota, acerc\u00e1ndose a los colores amarillos y verdes del certificado. Cualquier aparato de \u00faltima generaci\u00f3n, cualquier electrodom\u00e9stico natural, ya sean estufas de le\u00f1a, o de pellets y chimeneas, nos ayudar\u00e1n en una gran parte a poder cambiar el color de nuestra etiqueta; nombre com\u00fan, con el que se conoce el folio en donde est\u00e1n los datos del domicilio, su referencia catastral y su fecha de validez, adem\u00e1s de indicarnos el calificativo obtenido. Dicha etiqueta deber\u00e1 de estar vigente, cada vez, que el propietario desee vender o alquilar su vivienda.<\/p>\r\n<p>Debemos pues de tener en cuenta estos factores antes de creer que nuestra finca puede obtener la m\u00e1xima catalogaci\u00f3n. Hemos repasado algunos pero son muchos m\u00e1s los que interfieren en el calificativo final. No solo, las ventanas y sus marcos nos lo determinan, tampoco si disponemos de placas solares, est\u00e1 tambi\u00e9n la orientaci\u00f3n, antes comentado y la tipolog\u00eda constructiva de nuestro edificio, sus muros, sus paredes interiores, si poseemos otra finca encima o abajo, si la cubierta de nuestra casa, es inclinada o de lo contrario es plana, su entorno m\u00e1s pr\u00f3ximo, refiri\u00e9ndonos a si nuestra vivienda est\u00e1 rodeada de bloques m\u00e1s altos o m\u00e1s bajos, si de lo contrario, la finca est\u00e1 edificada en una parcela aislada y sin nada que le pueda hacer sombra, etc.<br \/>La Uni\u00f3n europea se ha fijado pues como objetivo llegar a Kioto, con gran parte de los deberes hechos, los pa\u00edses n\u00f3rdicos, seguro, pasar\u00e1n las pruebas con buena nota. La parte sur del continente deber\u00e1 de subvencionar, algunas de las mejoras para que la gente decida incorporar gran parte de las medidas en poco espacio de tiempo. Actualmente son pocas las viviendas del parque urban\u00edstico que obtienen las notas m\u00e1s altas. La incorporaci\u00f3n de \u00e9stos nuevos y ecol\u00f3gicos elementos es muy caro y no todas las familias pueden hacer frente a su adquisici\u00f3n. Cada vez m\u00e1s, la mayor\u00eda de ellos se realizan con un sentido ecol\u00f3gico m\u00e1s reconocible y tambi\u00e9n la sociedad es m\u00e1s consciente del da\u00f1o que nos conllevar\u00e1 en el futuro el uso inadecuado de aparatos de elevado consumo energ\u00e9tico.<\/p>\r\n<p>Debemos ser conscientes de que una finca de poco m\u00e1s de diez a\u00f1os, no puede obtener un calificativo medio alto, la evoluci\u00f3n y los c\u00f3digos t\u00e9cnicos, as\u00ed lo demuestran, incluyendo cada vez m\u00e1s, elementos que punt\u00faan muy alto pero basados en su \u00f3ptimo rendimiento, su disminuido consumo y su superlativa eficiencia en general.<\/p>\r\n\t\t\t\t\t\t\t\t<\/div>\n\t\t\t\t<\/div>\n\t\t\t\t<div class=\"elementor-element elementor-element-fb43532 elementor-widget elementor-widget-image\" data-id=\"fb43532\" data-element_type=\"widget\" data-e-type=\"widget\" data-widget_type=\"image.default\">\n\t\t\t\t<div class=\"elementor-widget-container\">\n\t\t\t\t\t\t\t\t\t\t\t\t\t\t\t<img fetchpriority=\"high\" decoding=\"async\" width=\"698\" height=\"420\" src=\"https:\/\/nextarquitectura.com\/wp-content\/uploads\/2019\/01\/ESCALA-DE-CALIFICACION.jpg\" class=\"attachment-large size-large wp-image-13963\" alt=\"\" srcset=\"https:\/\/nextarquitectura.com\/wp-content\/uploads\/2019\/01\/ESCALA-DE-CALIFICACION.jpg 698w, https:\/\/nextarquitectura.com\/wp-content\/uploads\/2019\/01\/ESCALA-DE-CALIFICACION-300x181.jpg 300w\" sizes=\"(max-width: 698px) 100vw, 698px\" \/>\t\t\t\t\t\t\t\t\t\t\t\t\t\t\t<\/div>\n\t\t\t\t<\/div>\n\t\t\t\t\t<\/div>\n\t\t<\/div>\n\t\t\t\t\t<\/div>\n\t\t<\/section>\n\t\t\t\t<\/div>\n\t\t","protected":false},"excerpt":{"rendered":"<p>Desde su aprobaci\u00f3n del Certificado de Eficiencia Energ\u00e9tica como certificado de medida del consumo energ\u00e9tico, son muchas las preguntas que surgen a su alrededor. Por nuestra parte, intentaremos a grandes&#8230;<\/p>\n","protected":false},"author":10,"featured_media":13964,"comment_status":"closed","ping_status":"open","sticky":false,"template":"","format":"standard","meta":{"inline_featured_image":false,"footnotes":""},"categories":[96],"tags":[],"class_list":{"0":"post-14651","1":"post","2":"type-post","3":"status-publish","4":"format-standard","5":"has-post-thumbnail","7":"category-arquitectura-en"},"_links":{"self":[{"href":"https:\/\/nextarquitectura.com\/en\/wp-json\/wp\/v2\/posts\/14651","targetHints":{"allow":["GET"]}}],"collection":[{"href":"https:\/\/nextarquitectura.com\/en\/wp-json\/wp\/v2\/posts"}],"about":[{"href":"https:\/\/nextarquitectura.com\/en\/wp-json\/wp\/v2\/types\/post"}],"author":[{"embeddable":true,"href":"https:\/\/nextarquitectura.com\/en\/wp-json\/wp\/v2\/users\/10"}],"replies":[{"embeddable":true,"href":"https:\/\/nextarquitectura.com\/en\/wp-json\/wp\/v2\/comments?post=14651"}],"version-history":[{"count":0,"href":"https:\/\/nextarquitectura.com\/en\/wp-json\/wp\/v2\/posts\/14651\/revisions"}],"wp:featuredmedia":[{"embeddable":true,"href":"https:\/\/nextarquitectura.com\/en\/wp-json\/wp\/v2\/media\/13964"}],"wp:attachment":[{"href":"https:\/\/nextarquitectura.com\/en\/wp-json\/wp\/v2\/media?parent=14651"}],"wp:term":[{"taxonomy":"category","embeddable":true,"href":"https:\/\/nextarquitectura.com\/en\/wp-json\/wp\/v2\/categories?post=14651"},{"taxonomy":"post_tag","embeddable":true,"href":"https:\/\/nextarquitectura.com\/en\/wp-json\/wp\/v2\/tags?post=14651"}],"curies":[{"name":"wp","href":"https:\/\/api.w.org\/{rel}","templated":true}]}}