{"id":14641,"date":"2019-06-07T12:14:39","date_gmt":"2019-06-07T11:14:39","guid":{"rendered":"https:\/\/nextarquitectura.com\/diferencias-entre-certificado-y-cedula\/"},"modified":"2019-06-07T12:14:39","modified_gmt":"2019-06-07T11:14:39","slug":"diferencias-entre-certificado-y-cedula","status":"publish","type":"post","link":"https:\/\/nextarquitectura.com\/en\/diferencias-entre-certificado-y-cedula\/","title":{"rendered":"DIFERENCIAS ENTRE CERTIFICADO Y C\u00c9DULA"},"content":{"rendered":"\t\t<div data-elementor-type=\"wp-post\" data-elementor-id=\"14641\" class=\"elementor elementor-14641 elementor-8427\" data-elementor-post-type=\"post\">\n\t\t\t\t\t\t<section class=\"elementor-section elementor-top-section elementor-element elementor-element-42214997 elementor-section-boxed elementor-section-height-default elementor-section-height-default\" data-id=\"42214997\" data-element_type=\"section\" data-e-type=\"section\">\n\t\t\t\t\t\t<div class=\"elementor-container elementor-column-gap-default\">\n\t\t\t\t\t<div class=\"elementor-column elementor-col-100 elementor-top-column elementor-element elementor-element-556303eb\" data-id=\"556303eb\" data-element_type=\"column\" data-e-type=\"column\">\n\t\t\t<div class=\"elementor-widget-wrap elementor-element-populated\">\n\t\t\t\t\t\t<div class=\"elementor-element elementor-element-3f2ffad0 elementor-widget elementor-widget-text-editor\" data-id=\"3f2ffad0\" data-element_type=\"widget\" data-e-type=\"widget\" data-widget_type=\"text-editor.default\">\n\t\t\t\t<div class=\"elementor-widget-container\">\n\t\t\t\t\t\t\t\t\t<h2>En este post vamos a aclarar las diferencias entre certificado y c\u00e9dula.<\/h2><p>Muchas veces o\u00edmos hablar de \u00e9stas dos palabras y su asociaci\u00f3n en el momento de una venta o alquiler de una vivienda es total.<\/p><p>Las dos tramitaciones nos ser\u00e1n de gran ayuda para poder realizar la venta de nuestro domicilio y a su vez, imprescindibles para el tr\u00e1mite notarial en el d\u00eda de la firma.<\/p><h4>\u00bfSon lo mismo?<\/h4><p>El certificado de eficiencia energ\u00e9tica es un tr\u00e1mite obligatorio y regulado por el Instituto Catal\u00e1n de la Energ\u00eda, en el cual se expone mediante un informe y una etiqueta, la calificaci\u00f3n que indica lo eficiente que resulta la vivienda en cuanto a su consumo de energ\u00eda.<\/p><p>Para obtenerla, nuestra finca debe pasar en un \u201cexamen\u201d realizado por un arquitecto, que con las anotaciones que ha tomado en la visita a nuestro domicilio y su posterior procesamiento en el programa, emitir\u00e1 un certificado.<\/p><h4>\u00a0<\/h4><h4><img fetchpriority=\"high\" decoding=\"async\" class=\"alignright wp-image-12208\" src=\"https:\/\/nextarquitectura.com\/wp-content\/uploads\/2019\/06\/peq_certificacion_energetica_sabadell-3001.jpg\" alt=\"\" width=\"300\" height=\"441\" srcset=\"https:\/\/nextarquitectura.com\/wp-content\/uploads\/2019\/06\/peq_certificacion_energetica_sabadell-3001.jpg 300w, https:\/\/nextarquitectura.com\/wp-content\/uploads\/2019\/06\/peq_certificacion_energetica_sabadell-3001-204x300.jpg 204w\" sizes=\"(max-width: 300px) 100vw, 300px\" \/>La valoraci\u00f3n de varios par\u00e1metros de car\u00e1cter t\u00e9cnico como:<\/h4><p>materiales utilizados en la construcci\u00f3n, elementos de cierre de ventanas, si se ubica en planta baja, si el piso se encuentra en el \u00e1tico, la orientaci\u00f3n de la finca, entre otros muchos par\u00e1metros, har\u00e1n que obtengamos una etiqueta que siguiendo un c\u00f3digo de color en una escala de A a G, siendo A la m\u00e1s alta y G la m\u00e1s baja, nos dar\u00e1 la eficiencia energ\u00e9tica del inmueble, con validez de diez a\u00f1os.<\/p><p>A diferencia del <a href=\"https:\/\/nextarquitectura.com\/servicios-arquitectura\/certificaciones-energeticas\/\">certificado<\/a>, la <a href=\"https:\/\/nextarquitectura.com\/servicios-arquitectura\/cedulas-de-habitabilidad\/\">c\u00e9dula de habitabilidad<\/a> es un documento administrativo, en donde la importancia recae en el simple hecho, de que la vivienda cumpla unos m\u00ednimos requisitos de habitabilidad dictaminados por la normativa, que pasan por ejemplo, en que la finca debe tener al menos un ba\u00f1o (con todos sus elementos en buen estado), una cocina con equipo b\u00e1sico de cocci\u00f3n y limpieza entre otras normas m\u00e1s.<\/p><p>Tiene una vigencia de 15 a\u00f1os.<\/p><p><img decoding=\"async\" class=\"alignnone size-full wp-image-12206\" src=\"https:\/\/nextarquitectura.com\/wp-content\/uploads\/2019\/06\/CAPTURRA-CEDULA-2.jpg\" alt=\"\" width=\"794\" height=\"613\" srcset=\"https:\/\/nextarquitectura.com\/wp-content\/uploads\/2019\/06\/CAPTURRA-CEDULA-2.jpg 794w, https:\/\/nextarquitectura.com\/wp-content\/uploads\/2019\/06\/CAPTURRA-CEDULA-2-300x232.jpg 300w, https:\/\/nextarquitectura.com\/wp-content\/uploads\/2019\/06\/CAPTURRA-CEDULA-2-768x593.jpg 768w\" sizes=\"(max-width: 794px) 100vw, 794px\" \/><\/p><h3>\u00bfCu\u00e1ndo son necesarios?<\/h3><p>La <a href=\"https:\/\/nextarquitectura.com\/servicios-arquitectura\/cedulas-de-habitabilidad\/\">c\u00e9dula de habitabilidad<\/a> es obligatorio tenerla en vigor para dar de alta los suministros b\u00e1sicos as\u00ed como, para vender o alquilar la vivienda.<\/p><p>El <a href=\"https:\/\/nextarquitectura.com\/servicios-arquitectura\/certificaciones-energeticas\/\">certificado de eficiencia energ\u00e9tica<\/a> es necesario a la hora de realizar cualquier venta o alquiler del inmueble (si hay cambio de titularidad de arrendatarios, debe renovarse a partir de los cuatro meses).<\/p><p><img decoding=\"async\" class=\"alignnone wp-image-12202\" src=\"https:\/\/nextarquitectura.com\/wp-content\/uploads\/2019\/06\/ESCRITURAS-BLOG.jpg\" alt=\"\" width=\"338\" height=\"197\" \/>\u00a0 \u00a0 <img loading=\"lazy\" decoding=\"async\" class=\"alignnone wp-image-12200\" src=\"https:\/\/nextarquitectura.com\/wp-content\/uploads\/2019\/06\/CONTRACTE-LLOGUER.jpg\" alt=\"\" width=\"338\" height=\"216\" srcset=\"https:\/\/nextarquitectura.com\/wp-content\/uploads\/2019\/06\/CONTRACTE-LLOGUER.jpg 456w, https:\/\/nextarquitectura.com\/wp-content\/uploads\/2019\/06\/CONTRACTE-LLOGUER-300x192.jpg 300w\" sizes=\"(max-width: 338px) 100vw, 338px\" \/><\/p><p>Para m\u00e1s informaci\u00f3n puede consultar en nuestra p\u00e1gina de <a href=\"https:\/\/nextarquitectura.com\/servicios-arquitectura\/\">SERVICIOS<\/a>, o si lo prefiriere estaremos encantados de atenderle telef\u00f3nicamente y darle toda la informaci\u00f3n que necesite a trav\u00e9s de nuestro tel\u00e9fono (+34) 93 742 71 42<\/p><p>\u00a0<\/p>\t\t\t\t\t\t\t\t<\/div>\n\t\t\t\t<\/div>\n\t\t\t\t\t<\/div>\n\t\t<\/div>\n\t\t\t\t\t<\/div>\n\t\t<\/section>\n\t\t\t\t<\/div>\n\t\t","protected":false},"excerpt":{"rendered":"<p>En este post vamos a aclarar las diferencias entre certificado y c\u00e9dula. Muchas veces o\u00edmos hablar de \u00e9stas dos palabras y su asociaci\u00f3n en el momento de una venta o&#8230;<\/p>\n","protected":false},"author":10,"featured_media":13922,"comment_status":"closed","ping_status":"open","sticky":false,"template":"","format":"standard","meta":{"inline_featured_image":false,"footnotes":""},"categories":[96],"tags":[],"class_list":{"0":"post-14641","1":"post","2":"type-post","3":"status-publish","4":"format-standard","5":"has-post-thumbnail","7":"category-arquitectura-en"},"_links":{"self":[{"href":"https:\/\/nextarquitectura.com\/en\/wp-json\/wp\/v2\/posts\/14641","targetHints":{"allow":["GET"]}}],"collection":[{"href":"https:\/\/nextarquitectura.com\/en\/wp-json\/wp\/v2\/posts"}],"about":[{"href":"https:\/\/nextarquitectura.com\/en\/wp-json\/wp\/v2\/types\/post"}],"author":[{"embeddable":true,"href":"https:\/\/nextarquitectura.com\/en\/wp-json\/wp\/v2\/users\/10"}],"replies":[{"embeddable":true,"href":"https:\/\/nextarquitectura.com\/en\/wp-json\/wp\/v2\/comments?post=14641"}],"version-history":[{"count":0,"href":"https:\/\/nextarquitectura.com\/en\/wp-json\/wp\/v2\/posts\/14641\/revisions"}],"wp:featuredmedia":[{"embeddable":true,"href":"https:\/\/nextarquitectura.com\/en\/wp-json\/wp\/v2\/media\/13922"}],"wp:attachment":[{"href":"https:\/\/nextarquitectura.com\/en\/wp-json\/wp\/v2\/media?parent=14641"}],"wp:term":[{"taxonomy":"category","embeddable":true,"href":"https:\/\/nextarquitectura.com\/en\/wp-json\/wp\/v2\/categories?post=14641"},{"taxonomy":"post_tag","embeddable":true,"href":"https:\/\/nextarquitectura.com\/en\/wp-json\/wp\/v2\/tags?post=14641"}],"curies":[{"name":"wp","href":"https:\/\/api.w.org\/{rel}","templated":true}]}}